{"id":65,"date":"2013-03-27T15:04:12","date_gmt":"2013-03-27T15:04:12","guid":{"rendered":"http:\/\/mehrurlaub.wordpress.com\/?p=65"},"modified":"2015-11-19T13:38:53","modified_gmt":"2015-11-19T13:38:53","slug":"von-piraten-und-anderen-tagedieben","status":"publish","type":"post","link":"https:\/\/mathiasbecker.de\/index.php\/2013\/03\/27\/von-piraten-und-anderen-tagedieben\/","title":{"rendered":"Von Piraten und anderen Tagedieben"},"content":{"rendered":"<p>Cartagena de Indias &#8211; der Name der Stadt klingt nicht zuf\u00e4llig nach Seer\u00e4ubern und F\u00e4ssern voll Gold und Rum. Bald nach ihrer Gr\u00fcndung im Jahre 1533 entwickelte sie sich zu einer der wichtigsten spanischen Hafenst\u00e4dte in der Karibik. Hier lagerten die Spanier die geraubten Sch\u00e4tze der Neuen Welt, bevor sie \u00fcber den Atlantik abtransportiert wurden. Derartige Ansammlungen von Reicht\u00fcmern rufen nat\u00fcrlich wiederum neue R\u00e4uber auf den Plan und so wurde Cartagena alle paar Jahre von Piraten belagert. Unter ihnen auch der ber\u00fchmte &#8220;Sir&#8221; Francis Drake, der die Stadt 1586 nicht dem Erdboden gleichmachte und f\u00fcr diese Unterlassung 10 Millionen Pesos nach England transportieren durfte. Das stieg dem spanischen K\u00f6nig geh\u00f6rig in die Krone und beendete seinen Sinn f\u00fcr Freibeuterromantik: Die Spanier r\u00fcsteten ihre Hafenst\u00e4dte zu Festungen um. Die m\u00e4chtigste unter ihnen: Cartagena de Indias, umgeben von meterdicken Mauern und \u00fcberragt von einem Ring aus gigantischen Festungen hielt sie seither den Engl\u00e4ndern und den Piraten stand. Zwischenzeitlich hatte sich die Lage fuer Cartagena auch etwas entspannt: seit die Spanier im 17. Jahrhundert begannen, das Silber aus Potosi (ich berichtete: <a title=\"http:\/\/mathiasbecker.de\/potosi.html\" href=\"http:\/\/mathiasbecker.de\/potosi.html\" target=\"_blank\">http:\/\/mathiasbecker.de\/potosi.html<\/a>) \u00fcber den Rio de la Plata nach Buenos Aires zu verfrachten, war Cartagena nicht mehr der Hauptangriffspunkt der Piraten.<\/p>\n<div id=\"attachment_73\" style=\"width: 594px\" class=\"wp-caption alignleft\"><a href=\"http:\/\/mathiasbecker.de\/wp-mathiasbecker\/wp-content\/uploads\/2013\/03\/foto-61.jpg\"><img loading=\"lazy\" decoding=\"async\" aria-describedby=\"caption-attachment-73\" data-attachment-id=\"73\" data-permalink=\"https:\/\/mathiasbecker.de\/index.php\/2013\/03\/27\/von-piraten-und-anderen-tagedieben\/foto-6-2\/\" data-orig-file=\"https:\/\/mathiasbecker.de\/wp-mathiasbecker\/wp-content\/uploads\/2013\/03\/foto-61.jpg\" data-orig-size=\"1280,854\" data-comments-opened=\"1\" data-image-meta=\"{&quot;aperture&quot;:&quot;0&quot;,&quot;credit&quot;:&quot;&quot;,&quot;camera&quot;:&quot;&quot;,&quot;caption&quot;:&quot;&quot;,&quot;created_timestamp&quot;:&quot;0&quot;,&quot;copyright&quot;:&quot;&quot;,&quot;focal_length&quot;:&quot;0&quot;,&quot;iso&quot;:&quot;0&quot;,&quot;shutter_speed&quot;:&quot;0&quot;,&quot;title&quot;:&quot;&quot;,&quot;orientation&quot;:&quot;1&quot;}\" data-image-title=\"Castillo de San Felipe de Barajas\" data-image-description=\"&lt;p&gt;Castillo de San Felipe de Barajas&lt;\/p&gt;\n\" data-image-caption=\"&lt;p&gt;Castillo de San Felipe de Barajas&lt;\/p&gt;\n\" data-large-file=\"https:\/\/mathiasbecker.de\/wp-mathiasbecker\/wp-content\/uploads\/2013\/03\/foto-61-1024x683.jpg\" class=\"size-large wp-image-73\" src=\"http:\/\/mathiasbecker.de\/wp-mathiasbecker\/wp-content\/uploads\/2013\/03\/foto-61.jpg?w=584\" alt=\"Castillo de San Felipe de Barajas\" width=\"584\" height=\"389\" srcset=\"https:\/\/mathiasbecker.de\/wp-mathiasbecker\/wp-content\/uploads\/2013\/03\/foto-61.jpg 1280w, https:\/\/mathiasbecker.de\/wp-mathiasbecker\/wp-content\/uploads\/2013\/03\/foto-61-300x200.jpg 300w, https:\/\/mathiasbecker.de\/wp-mathiasbecker\/wp-content\/uploads\/2013\/03\/foto-61-1024x683.jpg 1024w, https:\/\/mathiasbecker.de\/wp-mathiasbecker\/wp-content\/uploads\/2013\/03\/foto-61-770x514.jpg 770w\" sizes=\"auto, (max-width: 584px) 100vw, 584px\" \/><\/a><p id=\"caption-attachment-73\" class=\"wp-caption-text\">Castillo de San Felipe de Barajas &#8211; Die groesste spanische Festungsanlage weltweit<\/p><\/div>\n<p>Ironie der Geschichte: die st\u00e4ndigen Belagerungen f\u00fchrten dazu, dass die Cartage\u00f1os ihre Stadt 1810 als eine der ersten als unanh\u00e4ngig von der spanischen Krone erkl\u00e4rten. So mussten die Spanier ihre eigene Festungsstadt \u00fcber 4 Monate belagern, bis sie sie wieder unter Kontrolle hatten. Lange dar\u00fcber freuen konnten sie sich allerdings nicht: 1821 befreite Simon Bolivar auch Cartagena aus den H\u00e4nden der Spanier und gliederte sie der zwei Jahre zuvor gegr\u00fcndeten Republik Gross-Kolumbien (das heutige Panama, Venezuela, Kolumbien und Ecuador) an.<\/p>\n<p>Noch heute ist Cartagenas Hafen einer der wichtigsten Kolumbiens. Wichtigstes Verladegut sind mittlerweile \u00d6l und Gas, neben Kaffee, Blumen und nat\u00fcrlich Edelmetallen. Die Piraterie ist auch noch lebendig, wenn auch in anderen Formen: die modernen Freibeuter kommen haupts\u00e4chlich mit Bussen und Flugzeugen, belagern die malerische Altstadt, pl\u00fcndern die Kitschvorr\u00e4te (die zum Gl\u00fcck unersch\u00f6pflich sind) und die Buddel Rum wird zumindest tags\u00fcber gegen die Kamera getauscht. Sie is aber auch h\u00fcbsch anzusehen, diese alte Stadt mit ihren Gassen, Mauern, Festungen, Haciendas, Kirchen, Plaetzen und dem Meer. Mir persoenlich gefiel dabei das weniger hochglanzpolierte Viertel Getsemani etwas besser &#8211; und das geht wohl dem Grossteil der Backpacker-Szene so, denn hier finden sich die meisten Hostels &#8211; hier finden auch die alln\u00e4chtlichen Fiestas bis in den morgen statt. Am sympatischsten natuerlich die ungeplanten auf offener Strasse mit Bier aus dem naechsten <em>Tienda<\/em> (auf deutsch: Kiosk, auf berlinerisch: Spaeti).<\/p>\n<div id=\"attachment_77\" style=\"width: 594px\" class=\"wp-caption alignleft\"><a href=\"http:\/\/mathiasbecker.de\/wp-mathiasbecker\/wp-content\/uploads\/2013\/03\/foto-10.jpg\"><img loading=\"lazy\" decoding=\"async\" aria-describedby=\"caption-attachment-77\" data-attachment-id=\"77\" data-permalink=\"https:\/\/mathiasbecker.de\/index.php\/2013\/03\/27\/von-piraten-und-anderen-tagedieben\/foto-10-2\/\" data-orig-file=\"https:\/\/mathiasbecker.de\/wp-mathiasbecker\/wp-content\/uploads\/2013\/03\/foto-10.jpg\" data-orig-size=\"1280,854\" data-comments-opened=\"1\" data-image-meta=\"{&quot;aperture&quot;:&quot;0&quot;,&quot;credit&quot;:&quot;&quot;,&quot;camera&quot;:&quot;&quot;,&quot;caption&quot;:&quot;&quot;,&quot;created_timestamp&quot;:&quot;0&quot;,&quot;copyright&quot;:&quot;&quot;,&quot;focal_length&quot;:&quot;0&quot;,&quot;iso&quot;:&quot;0&quot;,&quot;shutter_speed&quot;:&quot;0&quot;,&quot;title&quot;:&quot;&quot;,&quot;orientation&quot;:&quot;1&quot;}\" data-image-title=\"Cartagena Altstadt\" data-image-description=\"&lt;p&gt;Cartagena Altstadt&lt;\/p&gt;\n\" data-image-caption=\"&lt;p&gt;Cartagena Altstadt&lt;\/p&gt;\n\" data-large-file=\"https:\/\/mathiasbecker.de\/wp-mathiasbecker\/wp-content\/uploads\/2013\/03\/foto-10-1024x683.jpg\" class=\"size-large wp-image-77\" src=\"http:\/\/mathiasbecker.de\/wp-mathiasbecker\/wp-content\/uploads\/2013\/03\/foto-10.jpg?w=584\" alt=\"Cartagena Altstadt\" width=\"584\" height=\"389\" srcset=\"https:\/\/mathiasbecker.de\/wp-mathiasbecker\/wp-content\/uploads\/2013\/03\/foto-10.jpg 1280w, https:\/\/mathiasbecker.de\/wp-mathiasbecker\/wp-content\/uploads\/2013\/03\/foto-10-300x200.jpg 300w, https:\/\/mathiasbecker.de\/wp-mathiasbecker\/wp-content\/uploads\/2013\/03\/foto-10-1024x683.jpg 1024w, https:\/\/mathiasbecker.de\/wp-mathiasbecker\/wp-content\/uploads\/2013\/03\/foto-10-770x514.jpg 770w\" sizes=\"auto, (max-width: 584px) 100vw, 584px\" \/><\/a><p id=\"caption-attachment-77\" class=\"wp-caption-text\">Cartagena Altstadt<\/p><\/div>\n<div id=\"attachment_75\" style=\"width: 594px\" class=\"wp-caption alignleft\"><a href=\"http:\/\/mathiasbecker.de\/wp-mathiasbecker\/wp-content\/uploads\/2013\/03\/foto-8.jpg\"><img loading=\"lazy\" decoding=\"async\" aria-describedby=\"caption-attachment-75\" data-attachment-id=\"75\" data-permalink=\"https:\/\/mathiasbecker.de\/index.php\/2013\/03\/27\/von-piraten-und-anderen-tagedieben\/foto-8-2\/\" data-orig-file=\"https:\/\/mathiasbecker.de\/wp-mathiasbecker\/wp-content\/uploads\/2013\/03\/foto-8.jpg\" data-orig-size=\"854,1280\" data-comments-opened=\"1\" data-image-meta=\"{&quot;aperture&quot;:&quot;0&quot;,&quot;credit&quot;:&quot;&quot;,&quot;camera&quot;:&quot;&quot;,&quot;caption&quot;:&quot;&quot;,&quot;created_timestamp&quot;:&quot;0&quot;,&quot;copyright&quot;:&quot;&quot;,&quot;focal_length&quot;:&quot;0&quot;,&quot;iso&quot;:&quot;0&quot;,&quot;shutter_speed&quot;:&quot;0&quot;,&quot;title&quot;:&quot;&quot;,&quot;orientation&quot;:&quot;1&quot;}\" data-image-title=\"Cartagena Altstadt\" data-image-description=\"&lt;p&gt;Cartagena Altstadt&lt;\/p&gt;\n\" data-image-caption=\"&lt;p&gt;Cartagena Altstadt&lt;\/p&gt;\n\" data-large-file=\"https:\/\/mathiasbecker.de\/wp-mathiasbecker\/wp-content\/uploads\/2013\/03\/foto-8-683x1024.jpg\" class=\"wp-image-75\" src=\"http:\/\/mathiasbecker.de\/wp-mathiasbecker\/wp-content\/uploads\/2013\/03\/foto-8.jpg?w=584\" alt=\"Cartagena Altstadt\" width=\"584\" height=\"875\" srcset=\"https:\/\/mathiasbecker.de\/wp-mathiasbecker\/wp-content\/uploads\/2013\/03\/foto-8.jpg 854w, https:\/\/mathiasbecker.de\/wp-mathiasbecker\/wp-content\/uploads\/2013\/03\/foto-8-200x300.jpg 200w, https:\/\/mathiasbecker.de\/wp-mathiasbecker\/wp-content\/uploads\/2013\/03\/foto-8-683x1024.jpg 683w, https:\/\/mathiasbecker.de\/wp-mathiasbecker\/wp-content\/uploads\/2013\/03\/foto-8-770x1154.jpg 770w\" sizes=\"auto, (max-width: 584px) 100vw, 584px\" \/><\/a><p id=\"caption-attachment-75\" class=\"wp-caption-text\">Cartagena Altstadt<\/p><\/div>\n<div id=\"attachment_76\" style=\"width: 594px\" class=\"wp-caption alignleft\"><a href=\"http:\/\/mathiasbecker.de\/wp-mathiasbecker\/wp-content\/uploads\/2013\/03\/foto-9.jpg\"><img loading=\"lazy\" decoding=\"async\" aria-describedby=\"caption-attachment-76\" data-attachment-id=\"76\" data-permalink=\"https:\/\/mathiasbecker.de\/index.php\/2013\/03\/27\/von-piraten-und-anderen-tagedieben\/foto-9-2\/\" data-orig-file=\"https:\/\/mathiasbecker.de\/wp-mathiasbecker\/wp-content\/uploads\/2013\/03\/foto-9.jpg\" data-orig-size=\"1280,854\" data-comments-opened=\"1\" data-image-meta=\"{&quot;aperture&quot;:&quot;0&quot;,&quot;credit&quot;:&quot;&quot;,&quot;camera&quot;:&quot;&quot;,&quot;caption&quot;:&quot;&quot;,&quot;created_timestamp&quot;:&quot;0&quot;,&quot;copyright&quot;:&quot;&quot;,&quot;focal_length&quot;:&quot;0&quot;,&quot;iso&quot;:&quot;0&quot;,&quot;shutter_speed&quot;:&quot;0&quot;,&quot;title&quot;:&quot;&quot;,&quot;orientation&quot;:&quot;1&quot;}\" data-image-title=\"Getsemani\" data-image-description=\"&lt;p&gt;Getsemani&lt;\/p&gt;\n\" data-image-caption=\"&lt;p&gt;Getsemani&lt;\/p&gt;\n\" data-large-file=\"https:\/\/mathiasbecker.de\/wp-mathiasbecker\/wp-content\/uploads\/2013\/03\/foto-9-1024x683.jpg\" class=\"size-large wp-image-76\" src=\"http:\/\/mathiasbecker.de\/wp-mathiasbecker\/wp-content\/uploads\/2013\/03\/foto-9.jpg?w=584\" alt=\"Getsemani\" width=\"584\" height=\"389\" srcset=\"https:\/\/mathiasbecker.de\/wp-mathiasbecker\/wp-content\/uploads\/2013\/03\/foto-9.jpg 1280w, https:\/\/mathiasbecker.de\/wp-mathiasbecker\/wp-content\/uploads\/2013\/03\/foto-9-300x200.jpg 300w, https:\/\/mathiasbecker.de\/wp-mathiasbecker\/wp-content\/uploads\/2013\/03\/foto-9-1024x683.jpg 1024w, https:\/\/mathiasbecker.de\/wp-mathiasbecker\/wp-content\/uploads\/2013\/03\/foto-9-770x514.jpg 770w\" sizes=\"auto, (max-width: 584px) 100vw, 584px\" \/><\/a><p id=\"caption-attachment-76\" class=\"wp-caption-text\">Getsemani<\/p><\/div>\n<p>Es gibt auch noch weitere Spielarten moderner Freibeuterei in der Stadt, eine davon ist die Spezies der Real Estate Investors &#8211; oder auch Immobilienhaie. Boca Grande, das Viertel direkt gegen\u00fcber der Altstadt ist ein Strand, der fast l\u00fcckenlos ges\u00e4umt von h\u00fcbschen Appartment-Hochh\u00e4usern gleich viel besser zur Geltung kommt. Die Eigent\u00fcmer der Appartments wird das nicht so st\u00f6ren, die sind eh meist nur ein paar Tage im Jahr da (was man nachts an den dunklen Wohnt\u00fcrmen gut sehen kann). Boca Grande wird auch als das Miami Beach Kolumbiens bezeichnet &#8211; zum einen wegen der architektonischen Aehnlichkeit &#8211; zum anderen haelt sich das Geruecht, dass der Wohlstand beider aus den gleichen dunklen Quellen des Kokainhandels stammt&#8230;<\/p>\n<div id=\"attachment_83\" style=\"width: 594px\" class=\"wp-caption alignleft\"><a href=\"http:\/\/mathiasbecker.de\/wp-mathiasbecker\/wp-content\/uploads\/2013\/03\/bocagrande.jpg\"><img loading=\"lazy\" decoding=\"async\" aria-describedby=\"caption-attachment-83\" data-attachment-id=\"83\" data-permalink=\"https:\/\/mathiasbecker.de\/index.php\/2013\/03\/27\/von-piraten-und-anderen-tagedieben\/bocagrande\/\" data-orig-file=\"https:\/\/mathiasbecker.de\/wp-mathiasbecker\/wp-content\/uploads\/2013\/03\/bocagrande.jpg\" data-orig-size=\"615,415\" data-comments-opened=\"1\" data-image-meta=\"{&quot;aperture&quot;:&quot;0&quot;,&quot;credit&quot;:&quot;&quot;,&quot;camera&quot;:&quot;&quot;,&quot;caption&quot;:&quot;&quot;,&quot;created_timestamp&quot;:&quot;0&quot;,&quot;copyright&quot;:&quot;&quot;,&quot;focal_length&quot;:&quot;0&quot;,&quot;iso&quot;:&quot;0&quot;,&quot;shutter_speed&quot;:&quot;0&quot;,&quot;title&quot;:&quot;&quot;,&quot;orientation&quot;:&quot;0&quot;}\" data-image-title=\"Miami Beach in Cartagena\" data-image-description=\"&lt;p&gt;Getsemani&lt;\/p&gt;\n\" data-image-caption=\"&lt;p&gt;Getsemani&lt;\/p&gt;\n\" data-large-file=\"https:\/\/mathiasbecker.de\/wp-mathiasbecker\/wp-content\/uploads\/2013\/03\/bocagrande.jpg\" class=\" wp-image-83 \" title=\"Miami Beach in Cartagena\" src=\"http:\/\/mathiasbecker.de\/wp-mathiasbecker\/wp-content\/uploads\/2013\/03\/bocagrande.jpg?w=584\" alt=\"Miami Beach in Cartagena\" width=\"584\" height=\"394\" srcset=\"https:\/\/mathiasbecker.de\/wp-mathiasbecker\/wp-content\/uploads\/2013\/03\/bocagrande.jpg 615w, https:\/\/mathiasbecker.de\/wp-mathiasbecker\/wp-content\/uploads\/2013\/03\/bocagrande-300x202.jpg 300w, https:\/\/mathiasbecker.de\/wp-mathiasbecker\/wp-content\/uploads\/2013\/03\/bocagrande-400x270.jpg 400w\" sizes=\"auto, (max-width: 584px) 100vw, 584px\" \/><\/a><p id=\"caption-attachment-83\" class=\"wp-caption-text\">Miami Beach in Cartagena<\/p><\/div>\n<p>Neben Cartagena hatte es die zweitwichtigste karibische Hafenstadt Kolumbiens, Santa Marta, stets schwer. Schon zu Kolonialzeiten wurde sie schnell von ihrer westlichen Schwester \u00fcberfl\u00fcgelt (die n\u00e4her am Pazifik und damit zu den Ausbeutungsrouten entlang der Westk\u00fcste S\u00fcdamerikas liegt). Im Unabh\u00e4ngigkeitskampf konnte sie auch nicht gl\u00e4nzen, ihr Moment der Geschichte bestand bezeichnenderweise darin, dass der Freiheitsheld Simon Bolivar hier 1830 starb. Touristisch macht sie heute ihre mangelnde koloniale Prachtarchitektur durch die N\u00e4he zum wirklich umwerfenden sch\u00f6nen Nationalpark Tayrona aus, in dem der Dschungel direkt ins Meer f\u00e4llt und irgendwer riesige Kieselsteine am Strand verstreut hat&#8230;<\/p>\n<div id=\"attachment_70\" style=\"width: 594px\" class=\"wp-caption alignleft\"><a href=\"http:\/\/mathiasbecker.de\/wp-mathiasbecker\/wp-content\/uploads\/2013\/03\/foto-32.jpg\"><img loading=\"lazy\" decoding=\"async\" aria-describedby=\"caption-attachment-70\" data-attachment-id=\"70\" data-permalink=\"https:\/\/mathiasbecker.de\/index.php\/2013\/03\/27\/von-piraten-und-anderen-tagedieben\/foto-3-3\/\" data-orig-file=\"https:\/\/mathiasbecker.de\/wp-mathiasbecker\/wp-content\/uploads\/2013\/03\/foto-32.jpg\" data-orig-size=\"1280,854\" data-comments-opened=\"1\" data-image-meta=\"{&quot;aperture&quot;:&quot;0&quot;,&quot;credit&quot;:&quot;&quot;,&quot;camera&quot;:&quot;&quot;,&quot;caption&quot;:&quot;&quot;,&quot;created_timestamp&quot;:&quot;0&quot;,&quot;copyright&quot;:&quot;&quot;,&quot;focal_length&quot;:&quot;0&quot;,&quot;iso&quot;:&quot;0&quot;,&quot;shutter_speed&quot;:&quot;0&quot;,&quot;title&quot;:&quot;&quot;,&quot;orientation&quot;:&quot;1&quot;}\" data-image-title=\"Tayrona Nationalpark\" data-image-description=\"&lt;p&gt;Tayrona Nationalpark&lt;\/p&gt;\n\" data-image-caption=\"&lt;p&gt;Tayrona Nationalpark&lt;\/p&gt;\n\" data-large-file=\"https:\/\/mathiasbecker.de\/wp-mathiasbecker\/wp-content\/uploads\/2013\/03\/foto-32-1024x683.jpg\" class=\"size-large wp-image-70\" src=\"http:\/\/mathiasbecker.de\/wp-mathiasbecker\/wp-content\/uploads\/2013\/03\/foto-32.jpg?w=584\" alt=\"Tayrona Nationalpark\" width=\"584\" height=\"389\" srcset=\"https:\/\/mathiasbecker.de\/wp-mathiasbecker\/wp-content\/uploads\/2013\/03\/foto-32.jpg 1280w, https:\/\/mathiasbecker.de\/wp-mathiasbecker\/wp-content\/uploads\/2013\/03\/foto-32-300x200.jpg 300w, https:\/\/mathiasbecker.de\/wp-mathiasbecker\/wp-content\/uploads\/2013\/03\/foto-32-1024x683.jpg 1024w, https:\/\/mathiasbecker.de\/wp-mathiasbecker\/wp-content\/uploads\/2013\/03\/foto-32-770x514.jpg 770w\" sizes=\"auto, (max-width: 584px) 100vw, 584px\" \/><\/a><p id=\"caption-attachment-70\" class=\"wp-caption-text\">Tayrona Nationalpark<\/p><\/div>\n<div id=\"attachment_69\" style=\"width: 594px\" class=\"wp-caption alignleft\"><a href=\"http:\/\/mathiasbecker.de\/wp-mathiasbecker\/wp-content\/uploads\/2013\/03\/foto-22.jpg\"><img loading=\"lazy\" decoding=\"async\" aria-describedby=\"caption-attachment-69\" data-attachment-id=\"69\" data-permalink=\"https:\/\/mathiasbecker.de\/index.php\/2013\/03\/27\/von-piraten-und-anderen-tagedieben\/foto-2-3\/\" data-orig-file=\"https:\/\/mathiasbecker.de\/wp-mathiasbecker\/wp-content\/uploads\/2013\/03\/foto-22.jpg\" data-orig-size=\"1280,854\" data-comments-opened=\"1\" data-image-meta=\"{&quot;aperture&quot;:&quot;0&quot;,&quot;credit&quot;:&quot;&quot;,&quot;camera&quot;:&quot;&quot;,&quot;caption&quot;:&quot;&quot;,&quot;created_timestamp&quot;:&quot;0&quot;,&quot;copyright&quot;:&quot;&quot;,&quot;focal_length&quot;:&quot;0&quot;,&quot;iso&quot;:&quot;0&quot;,&quot;shutter_speed&quot;:&quot;0&quot;,&quot;title&quot;:&quot;&quot;,&quot;orientation&quot;:&quot;1&quot;}\" data-image-title=\"Tayrona Nationalpark\" data-image-description=\"&lt;p&gt;Tayrona Nationalpark&lt;\/p&gt;\n\" data-image-caption=\"&lt;p&gt;Tayrona Nationalpark&lt;\/p&gt;\n\" data-large-file=\"https:\/\/mathiasbecker.de\/wp-mathiasbecker\/wp-content\/uploads\/2013\/03\/foto-22-1024x683.jpg\" class=\"size-large wp-image-69\" src=\"http:\/\/mathiasbecker.de\/wp-mathiasbecker\/wp-content\/uploads\/2013\/03\/foto-22.jpg?w=584\" alt=\"Tayrona Nationalpark\" width=\"584\" height=\"389\" srcset=\"https:\/\/mathiasbecker.de\/wp-mathiasbecker\/wp-content\/uploads\/2013\/03\/foto-22.jpg 1280w, https:\/\/mathiasbecker.de\/wp-mathiasbecker\/wp-content\/uploads\/2013\/03\/foto-22-300x200.jpg 300w, https:\/\/mathiasbecker.de\/wp-mathiasbecker\/wp-content\/uploads\/2013\/03\/foto-22-1024x683.jpg 1024w, https:\/\/mathiasbecker.de\/wp-mathiasbecker\/wp-content\/uploads\/2013\/03\/foto-22-770x514.jpg 770w\" sizes=\"auto, (max-width: 584px) 100vw, 584px\" \/><\/a><p id=\"caption-attachment-69\" class=\"wp-caption-text\">Tayrona Nationalpark<\/p><\/div>\n<div id=\"attachment_68\" style=\"width: 594px\" class=\"wp-caption alignleft\"><a href=\"http:\/\/mathiasbecker.de\/wp-mathiasbecker\/wp-content\/uploads\/2013\/03\/foto-13.jpg\"><img loading=\"lazy\" decoding=\"async\" aria-describedby=\"caption-attachment-68\" data-attachment-id=\"68\" data-permalink=\"https:\/\/mathiasbecker.de\/index.php\/2013\/03\/27\/von-piraten-und-anderen-tagedieben\/foto-1-4\/\" data-orig-file=\"https:\/\/mathiasbecker.de\/wp-mathiasbecker\/wp-content\/uploads\/2013\/03\/foto-13.jpg\" data-orig-size=\"1280,854\" data-comments-opened=\"1\" data-image-meta=\"{&quot;aperture&quot;:&quot;0&quot;,&quot;credit&quot;:&quot;&quot;,&quot;camera&quot;:&quot;&quot;,&quot;caption&quot;:&quot;&quot;,&quot;created_timestamp&quot;:&quot;0&quot;,&quot;copyright&quot;:&quot;&quot;,&quot;focal_length&quot;:&quot;0&quot;,&quot;iso&quot;:&quot;0&quot;,&quot;shutter_speed&quot;:&quot;0&quot;,&quot;title&quot;:&quot;&quot;,&quot;orientation&quot;:&quot;1&quot;}\" data-image-title=\"Tayrona Nationalpark\" data-image-description=\"&lt;p&gt;Tayrona Nationalpark&lt;\/p&gt;\n\" data-image-caption=\"&lt;p&gt;Tayrona Nationalpark&lt;\/p&gt;\n\" data-large-file=\"https:\/\/mathiasbecker.de\/wp-mathiasbecker\/wp-content\/uploads\/2013\/03\/foto-13-1024x683.jpg\" class=\"size-large wp-image-68\" src=\"http:\/\/mathiasbecker.de\/wp-mathiasbecker\/wp-content\/uploads\/2013\/03\/foto-13.jpg?w=584\" alt=\"Tayrona Nationalpark\" width=\"584\" height=\"389\" srcset=\"https:\/\/mathiasbecker.de\/wp-mathiasbecker\/wp-content\/uploads\/2013\/03\/foto-13.jpg 1280w, https:\/\/mathiasbecker.de\/wp-mathiasbecker\/wp-content\/uploads\/2013\/03\/foto-13-300x200.jpg 300w, https:\/\/mathiasbecker.de\/wp-mathiasbecker\/wp-content\/uploads\/2013\/03\/foto-13-1024x683.jpg 1024w, https:\/\/mathiasbecker.de\/wp-mathiasbecker\/wp-content\/uploads\/2013\/03\/foto-13-770x514.jpg 770w\" sizes=\"auto, (max-width: 584px) 100vw, 584px\" \/><\/a><p id=\"caption-attachment-68\" class=\"wp-caption-text\">Tayrona Nationalpark<\/p><\/div>\n<div id=\"attachment_67\" style=\"width: 594px\" class=\"wp-caption alignleft\"><a href=\"http:\/\/mathiasbecker.de\/wp-mathiasbecker\/wp-content\/uploads\/2013\/03\/foto3.jpg\"><img loading=\"lazy\" decoding=\"async\" aria-describedby=\"caption-attachment-67\" data-attachment-id=\"67\" data-permalink=\"https:\/\/mathiasbecker.de\/index.php\/2013\/03\/27\/von-piraten-und-anderen-tagedieben\/foto-10\/\" data-orig-file=\"https:\/\/mathiasbecker.de\/wp-mathiasbecker\/wp-content\/uploads\/2013\/03\/foto3.jpg\" data-orig-size=\"1920,1280\" data-comments-opened=\"1\" data-image-meta=\"{&quot;aperture&quot;:&quot;0&quot;,&quot;credit&quot;:&quot;&quot;,&quot;camera&quot;:&quot;&quot;,&quot;caption&quot;:&quot;&quot;,&quot;created_timestamp&quot;:&quot;0&quot;,&quot;copyright&quot;:&quot;&quot;,&quot;focal_length&quot;:&quot;0&quot;,&quot;iso&quot;:&quot;0&quot;,&quot;shutter_speed&quot;:&quot;0&quot;,&quot;title&quot;:&quot;&quot;,&quot;orientation&quot;:&quot;1&quot;}\" data-image-title=\"Tayrona Nationalpark\" data-image-description=\"&lt;p&gt;Tayrona Nationalpark&lt;\/p&gt;\n\" data-image-caption=\"&lt;p&gt;Tayrona Nationalpark&lt;\/p&gt;\n\" data-large-file=\"https:\/\/mathiasbecker.de\/wp-mathiasbecker\/wp-content\/uploads\/2013\/03\/foto3-1024x683.jpg\" class=\"size-large wp-image-67\" src=\"http:\/\/mathiasbecker.de\/wp-mathiasbecker\/wp-content\/uploads\/2013\/03\/foto3.jpg?w=584\" alt=\"Tayrona Nationalpark\" width=\"584\" height=\"389\" srcset=\"https:\/\/mathiasbecker.de\/wp-mathiasbecker\/wp-content\/uploads\/2013\/03\/foto3.jpg 1920w, https:\/\/mathiasbecker.de\/wp-mathiasbecker\/wp-content\/uploads\/2013\/03\/foto3-300x200.jpg 300w, https:\/\/mathiasbecker.de\/wp-mathiasbecker\/wp-content\/uploads\/2013\/03\/foto3-1024x683.jpg 1024w, https:\/\/mathiasbecker.de\/wp-mathiasbecker\/wp-content\/uploads\/2013\/03\/foto3-770x513.jpg 770w\" sizes=\"auto, (max-width: 584px) 100vw, 584px\" \/><\/a><p id=\"caption-attachment-67\" class=\"wp-caption-text\">Tayrona Nationalpark<\/p><\/div>\n<p>Zumindest in Sachen Fiestas konnte Santa Marta (und das benachbarte Taganga) inzwischen mit Cartagena gleichziehen. Da dies fuer mich aber nicht auf Dauer durchhaltbar ist, muss die Lonely Planet-Gemeinde nach meiner zugegebenermassen sehr unterhaltsamen Mifeierei nun wieder ohne mich klarkommen (man muss sich da aber keine Sorgen machen &#8211; Cuba Libre &amp; Co. stehlen der Szene weiter die N\u00e4chte, die sie vorher zum Tag gemacht hat). Ich lasse es wieder etwas ruhiger angehen in den Bergen um Villa de Leyva.<\/p>\n<div id=\"attachment_71\" style=\"width: 594px\" class=\"wp-caption alignleft\"><a href=\"http:\/\/mathiasbecker.de\/wp-mathiasbecker\/wp-content\/uploads\/2013\/03\/foto-42.jpg\"><img loading=\"lazy\" decoding=\"async\" aria-describedby=\"caption-attachment-71\" data-attachment-id=\"71\" data-permalink=\"https:\/\/mathiasbecker.de\/index.php\/2013\/03\/27\/von-piraten-und-anderen-tagedieben\/foto-4-3\/\" data-orig-file=\"https:\/\/mathiasbecker.de\/wp-mathiasbecker\/wp-content\/uploads\/2013\/03\/foto-42.jpg\" data-orig-size=\"854,1280\" data-comments-opened=\"1\" data-image-meta=\"{&quot;aperture&quot;:&quot;0&quot;,&quot;credit&quot;:&quot;&quot;,&quot;camera&quot;:&quot;&quot;,&quot;caption&quot;:&quot;&quot;,&quot;created_timestamp&quot;:&quot;0&quot;,&quot;copyright&quot;:&quot;&quot;,&quot;focal_length&quot;:&quot;0&quot;,&quot;iso&quot;:&quot;0&quot;,&quot;shutter_speed&quot;:&quot;0&quot;,&quot;title&quot;:&quot;&quot;,&quot;orientation&quot;:&quot;1&quot;}\" data-image-title=\"Jung und Alt in Cartagena\" data-image-description=\"&lt;p&gt;Jung und Alt in Cartagena&lt;\/p&gt;\n\" data-image-caption=\"&lt;p&gt;Jung und Alt in Cartagena&lt;\/p&gt;\n\" data-large-file=\"https:\/\/mathiasbecker.de\/wp-mathiasbecker\/wp-content\/uploads\/2013\/03\/foto-42-683x1024.jpg\" class=\"size-large wp-image-71\" src=\"http:\/\/mathiasbecker.de\/wp-mathiasbecker\/wp-content\/uploads\/2013\/03\/foto-42.jpg?w=584\" alt=\"Jung und Alt in Cartagena\" width=\"584\" height=\"875\" srcset=\"https:\/\/mathiasbecker.de\/wp-mathiasbecker\/wp-content\/uploads\/2013\/03\/foto-42.jpg 854w, https:\/\/mathiasbecker.de\/wp-mathiasbecker\/wp-content\/uploads\/2013\/03\/foto-42-200x300.jpg 200w, https:\/\/mathiasbecker.de\/wp-mathiasbecker\/wp-content\/uploads\/2013\/03\/foto-42-683x1024.jpg 683w, https:\/\/mathiasbecker.de\/wp-mathiasbecker\/wp-content\/uploads\/2013\/03\/foto-42-770x1154.jpg 770w\" sizes=\"auto, (max-width: 584px) 100vw, 584px\" \/><\/a><p id=\"caption-attachment-71\" class=\"wp-caption-text\">Jung und Alt in Cartagena<\/p><\/div>\n<div id=\"attachment_72\" style=\"width: 594px\" class=\"wp-caption alignleft\"><a href=\"http:\/\/mathiasbecker.de\/wp-mathiasbecker\/wp-content\/uploads\/2013\/03\/foto-52.jpg\"><img loading=\"lazy\" decoding=\"async\" aria-describedby=\"caption-attachment-72\" data-attachment-id=\"72\" data-permalink=\"https:\/\/mathiasbecker.de\/index.php\/2013\/03\/27\/von-piraten-und-anderen-tagedieben\/foto-5-3\/\" data-orig-file=\"https:\/\/mathiasbecker.de\/wp-mathiasbecker\/wp-content\/uploads\/2013\/03\/foto-52.jpg\" data-orig-size=\"854,1280\" data-comments-opened=\"1\" data-image-meta=\"{&quot;aperture&quot;:&quot;0&quot;,&quot;credit&quot;:&quot;&quot;,&quot;camera&quot;:&quot;&quot;,&quot;caption&quot;:&quot;&quot;,&quot;created_timestamp&quot;:&quot;0&quot;,&quot;copyright&quot;:&quot;&quot;,&quot;focal_length&quot;:&quot;0&quot;,&quot;iso&quot;:&quot;0&quot;,&quot;shutter_speed&quot;:&quot;0&quot;,&quot;title&quot;:&quot;&quot;,&quot;orientation&quot;:&quot;1&quot;}\" data-image-title=\"Barrierefreiheit a la Colombia\" data-image-description=\"&lt;p&gt;Barrierefreiheit a la Colombia&lt;\/p&gt;\n\" data-image-caption=\"&lt;p&gt;Barrierefreiheit a la Colombia&lt;\/p&gt;\n\" data-large-file=\"https:\/\/mathiasbecker.de\/wp-mathiasbecker\/wp-content\/uploads\/2013\/03\/foto-52-683x1024.jpg\" class=\"size-large wp-image-72\" src=\"http:\/\/mathiasbecker.de\/wp-mathiasbecker\/wp-content\/uploads\/2013\/03\/foto-52.jpg?w=584\" alt=\"Barrierefreiheit a la Colombia\" width=\"584\" height=\"875\" srcset=\"https:\/\/mathiasbecker.de\/wp-mathiasbecker\/wp-content\/uploads\/2013\/03\/foto-52.jpg 854w, https:\/\/mathiasbecker.de\/wp-mathiasbecker\/wp-content\/uploads\/2013\/03\/foto-52-200x300.jpg 200w, https:\/\/mathiasbecker.de\/wp-mathiasbecker\/wp-content\/uploads\/2013\/03\/foto-52-683x1024.jpg 683w, https:\/\/mathiasbecker.de\/wp-mathiasbecker\/wp-content\/uploads\/2013\/03\/foto-52-770x1154.jpg 770w\" sizes=\"auto, (max-width: 584px) 100vw, 584px\" \/><\/a><p id=\"caption-attachment-72\" class=\"wp-caption-text\">Barrierefreiheit a la Colombia<\/p><\/div>\n<div id=\"attachment_74\" style=\"width: 594px\" class=\"wp-caption alignleft\"><a href=\"http:\/\/mathiasbecker.de\/wp-mathiasbecker\/wp-content\/uploads\/2013\/03\/foto-71.jpg\"><img loading=\"lazy\" decoding=\"async\" aria-describedby=\"caption-attachment-74\" data-attachment-id=\"74\" data-permalink=\"https:\/\/mathiasbecker.de\/index.php\/2013\/03\/27\/von-piraten-und-anderen-tagedieben\/foto-7-2\/\" data-orig-file=\"https:\/\/mathiasbecker.de\/wp-mathiasbecker\/wp-content\/uploads\/2013\/03\/foto-71.jpg\" data-orig-size=\"854,1280\" data-comments-opened=\"1\" data-image-meta=\"{&quot;aperture&quot;:&quot;0&quot;,&quot;credit&quot;:&quot;&quot;,&quot;camera&quot;:&quot;&quot;,&quot;caption&quot;:&quot;&quot;,&quot;created_timestamp&quot;:&quot;0&quot;,&quot;copyright&quot;:&quot;&quot;,&quot;focal_length&quot;:&quot;0&quot;,&quot;iso&quot;:&quot;0&quot;,&quot;shutter_speed&quot;:&quot;0&quot;,&quot;title&quot;:&quot;&quot;,&quot;orientation&quot;:&quot;1&quot;}\" data-image-title=\"Getsemani\" data-image-description=\"&lt;p&gt;Getsemani&lt;\/p&gt;\n\" data-image-caption=\"&lt;p&gt;Getsemani&lt;\/p&gt;\n\" data-large-file=\"https:\/\/mathiasbecker.de\/wp-mathiasbecker\/wp-content\/uploads\/2013\/03\/foto-71-683x1024.jpg\" class=\"size-large wp-image-74\" src=\"http:\/\/mathiasbecker.de\/wp-mathiasbecker\/wp-content\/uploads\/2013\/03\/foto-71.jpg?w=584\" alt=\"Getsemani\" width=\"584\" height=\"875\" srcset=\"https:\/\/mathiasbecker.de\/wp-mathiasbecker\/wp-content\/uploads\/2013\/03\/foto-71.jpg 854w, https:\/\/mathiasbecker.de\/wp-mathiasbecker\/wp-content\/uploads\/2013\/03\/foto-71-200x300.jpg 200w, https:\/\/mathiasbecker.de\/wp-mathiasbecker\/wp-content\/uploads\/2013\/03\/foto-71-683x1024.jpg 683w, https:\/\/mathiasbecker.de\/wp-mathiasbecker\/wp-content\/uploads\/2013\/03\/foto-71-770x1154.jpg 770w\" sizes=\"auto, (max-width: 584px) 100vw, 584px\" \/><\/a><p id=\"caption-attachment-74\" class=\"wp-caption-text\">Getsemani<\/p><\/div>\n<p>&nbsp;<\/p>\n<div id=\"attachment_1483\" style=\"width: 780px\" class=\"wp-caption alignnone\"><img loading=\"lazy\" decoding=\"async\" aria-describedby=\"caption-attachment-1483\" data-attachment-id=\"1483\" data-permalink=\"https:\/\/mathiasbecker.de\/index.php\/2013\/03\/27\/von-piraten-und-anderen-tagedieben\/img_2107\/\" data-orig-file=\"https:\/\/mathiasbecker.de\/wp-mathiasbecker\/wp-content\/uploads\/2013\/03\/IMG_2107.jpg\" data-orig-size=\"3726,2484\" data-comments-opened=\"1\" data-image-meta=\"{&quot;aperture&quot;:&quot;4.5&quot;,&quot;credit&quot;:&quot;Mathias Becker&quot;,&quot;camera&quot;:&quot;Canon EOS 6D&quot;,&quot;caption&quot;:&quot;&quot;,&quot;created_timestamp&quot;:&quot;1363375060&quot;,&quot;copyright&quot;:&quot;Mathias Becker&quot;,&quot;focal_length&quot;:&quot;180&quot;,&quot;iso&quot;:&quot;6400&quot;,&quot;shutter_speed&quot;:&quot;0.00625&quot;,&quot;title&quot;:&quot;&quot;,&quot;orientation&quot;:&quot;0&quot;}\" data-image-title=\"IMG_2107\" data-image-description=\"\" data-image-caption=\"\" data-large-file=\"https:\/\/mathiasbecker.de\/wp-mathiasbecker\/wp-content\/uploads\/2013\/03\/IMG_2107-1024x683.jpg\" class=\"wp-image-1483 size-large\" src=\"http:\/\/mathiasbecker.de\/wp-mathiasbecker\/wp-content\/uploads\/2013\/03\/IMG_2107-1024x683.jpg\" alt=\"IMG_2107\" width=\"770\" height=\"514\" srcset=\"https:\/\/mathiasbecker.de\/wp-mathiasbecker\/wp-content\/uploads\/2013\/03\/IMG_2107-1024x683.jpg 1024w, https:\/\/mathiasbecker.de\/wp-mathiasbecker\/wp-content\/uploads\/2013\/03\/IMG_2107-300x200.jpg 300w, https:\/\/mathiasbecker.de\/wp-mathiasbecker\/wp-content\/uploads\/2013\/03\/IMG_2107-770x513.jpg 770w\" sizes=\"auto, (max-width: 770px) 100vw, 770px\" \/><p id=\"caption-attachment-1483\" class=\"wp-caption-text\">Wo bleibt nur mein Eis?<\/p><\/div>\n<p>&nbsp;<\/p>\n<div id=\"attachment_66\" style=\"width: 594px\" class=\"wp-caption alignleft\"><a href=\"http:\/\/mathiasbecker.de\/wp-mathiasbecker\/wp-content\/uploads\/2013\/03\/foto-111.jpg\"><img loading=\"lazy\" decoding=\"async\" aria-describedby=\"caption-attachment-66\" data-attachment-id=\"66\" data-permalink=\"https:\/\/mathiasbecker.de\/index.php\/2013\/03\/27\/von-piraten-und-anderen-tagedieben\/foto-11\/\" data-orig-file=\"https:\/\/mathiasbecker.de\/wp-mathiasbecker\/wp-content\/uploads\/2013\/03\/foto-111.jpg\" data-orig-size=\"1280,854\" data-comments-opened=\"1\" data-image-meta=\"{&quot;aperture&quot;:&quot;0&quot;,&quot;credit&quot;:&quot;&quot;,&quot;camera&quot;:&quot;&quot;,&quot;caption&quot;:&quot;&quot;,&quot;created_timestamp&quot;:&quot;0&quot;,&quot;copyright&quot;:&quot;&quot;,&quot;focal_length&quot;:&quot;0&quot;,&quot;iso&quot;:&quot;0&quot;,&quot;shutter_speed&quot;:&quot;0&quot;,&quot;title&quot;:&quot;&quot;,&quot;orientation&quot;:&quot;1&quot;}\" data-image-title=\"Hundehitze am Strand von Taganga\" data-image-description=\"&lt;p&gt;Hundehitze am Strand von Taganga&lt;\/p&gt;\n\" data-image-caption=\"&lt;p&gt;Hundehitze am Strand von Taganga&lt;\/p&gt;\n\" data-large-file=\"https:\/\/mathiasbecker.de\/wp-mathiasbecker\/wp-content\/uploads\/2013\/03\/foto-111-1024x683.jpg\" class=\"size-large wp-image-66\" src=\"http:\/\/mathiasbecker.de\/wp-mathiasbecker\/wp-content\/uploads\/2013\/03\/foto-111.jpg?w=584\" alt=\"Hundehitze am Strand von Taganga\" width=\"584\" height=\"389\" srcset=\"https:\/\/mathiasbecker.de\/wp-mathiasbecker\/wp-content\/uploads\/2013\/03\/foto-111.jpg 1280w, https:\/\/mathiasbecker.de\/wp-mathiasbecker\/wp-content\/uploads\/2013\/03\/foto-111-300x200.jpg 300w, https:\/\/mathiasbecker.de\/wp-mathiasbecker\/wp-content\/uploads\/2013\/03\/foto-111-1024x683.jpg 1024w, https:\/\/mathiasbecker.de\/wp-mathiasbecker\/wp-content\/uploads\/2013\/03\/foto-111-770x514.jpg 770w\" sizes=\"auto, (max-width: 584px) 100vw, 584px\" \/><\/a><p id=\"caption-attachment-66\" class=\"wp-caption-text\">Hundehitze am Strand von Taganga<\/p><\/div>\n","protected":false},"excerpt":{"rendered":"<p>Cartagena de Indias &#8211; der Name der Stadt klingt nicht zuf\u00e4llig nach Seer\u00e4ubern und F\u00e4ssern voll Gold und Rum. Bald&#8230;<\/p>\n","protected":false},"author":1,"featured_media":67,"comment_status":"open","ping_status":"open","sticky":false,"template":"","format":"standard","meta":{"jetpack_post_was_ever_published":false,"_jetpack_newsletter_access":"","_jetpack_dont_email_post_to_subs":false,"_jetpack_newsletter_tier_id":0,"_jetpack_memberships_contains_paywalled_content":false,"_jetpack_memberships_contains_paid_content":false,"footnotes":"","jetpack_publicize_message":"","jetpack_publicize_feature_enabled":true,"jetpack_social_post_already_shared":true,"jetpack_social_options":{"image_generator_settings":{"template":"highway","default_image_id":0,"font":"","enabled":false},"version":2}},"categories":[32,29],"tags":[47,48,61,69,73,80,85,86,89,92,95,96,97,98,99,101],"class_list":["post-65","post","type-post","status-publish","format-standard","has-post-thumbnail","hentry","category-colombia-2013","category-on-the-road","tag-cartagena","tag-colombia","tag-francis-drake","tag-karibik","tag-kolumbien","tag-nationalpark","tag-piraten","tag-potosi","tag-rio-de-la-plata","tag-santa-marta","tag-simon-bolivar","tag-spanier","tag-strand","tag-taganga","tag-tayrona","tag-unabhaengigkeitskampf"],"jetpack_publicize_connections":[],"jetpack_featured_media_url":"https:\/\/mathiasbecker.de\/wp-mathiasbecker\/wp-content\/uploads\/2013\/03\/foto3.jpg","jetpack_sharing_enabled":true,"jetpack_shortlink":"https:\/\/wp.me\/p6P5ZG-13","jetpack-related-posts":[{"id":89,"url":"https:\/\/mathiasbecker.de\/index.php\/2013\/04\/07\/auf-der-flucht\/","url_meta":{"origin":65,"position":0},"title":"Auf der Flucht","author":"post@mathiasbecker.de","date":"April 7, 2013","format":false,"excerpt":"Sofasurfen ist eine tolle Sache, wenn man wie ich nach den Fiestas von Cartagena und Santa Marta den Massen mal entkommen m\u00f6chte. Wie es der Zufall so wollte, landete ich mit Nico und seiner Freundin Beatriz bei seiner Familie in Sogamoso, rund 200 Kilometer nord\u00f6stlich von Bogota. Und der gleiche\u2026","rel":"","context":"In &quot;Kolumbien 2013&quot;","block_context":{"text":"Kolumbien 2013","link":"https:\/\/mathiasbecker.de\/index.php\/category\/on-the-road\/colombia-2013\/"},"img":{"alt_text":"Villa de Leyva","src":"https:\/\/i0.wp.com\/mathiasbecker.de\/wp-mathiasbecker\/wp-content\/uploads\/2013\/04\/img_2432.jpg?resize=350%2C200&ssl=1","width":350,"height":200,"srcset":"https:\/\/i0.wp.com\/mathiasbecker.de\/wp-mathiasbecker\/wp-content\/uploads\/2013\/04\/img_2432.jpg?resize=350%2C200&ssl=1 1x, https:\/\/i0.wp.com\/mathiasbecker.de\/wp-mathiasbecker\/wp-content\/uploads\/2013\/04\/img_2432.jpg?resize=525%2C300&ssl=1 1.5x, https:\/\/i0.wp.com\/mathiasbecker.de\/wp-mathiasbecker\/wp-content\/uploads\/2013\/04\/img_2432.jpg?resize=700%2C400&ssl=1 2x, https:\/\/i0.wp.com\/mathiasbecker.de\/wp-mathiasbecker\/wp-content\/uploads\/2013\/04\/img_2432.jpg?resize=1050%2C600&ssl=1 3x"},"classes":[]},{"id":14,"url":"https:\/\/mathiasbecker.de\/index.php\/2013\/03\/12\/kolumbien-kolumbien\/","url_meta":{"origin":65,"position":1},"title":"Kolumbien. Kolumbien?!?!?!!","author":"post@mathiasbecker.de","date":"March 12, 2013","format":false,"excerpt":"\"Ich flieg mal nach Kolumbien.\" Diese Ank\u00fcndigung verursachte entweder entsetztes Kopfsch\u00fctteln - oder zweideutiges Naser\u00fcmpfen. Das Land hat sich in der Vergangenheit aber auch alle M\u00fche gegeben, seinen Ruf aufs Gr\u00fcndlichste zu ruinieren. Neben den f\u00fcr Lateinamerika \u00fcblichen B\u00fcrgerkriegen, Staatsstreichen, Milit\u00e4rdiktaturen und ausufernder Korruption gab es ausserdem im Angebot: Guerilla-K\u00e4mpfer\u2026","rel":"","context":"In &quot;Kolumbien 2013&quot;","block_context":{"text":"Kolumbien 2013","link":"https:\/\/mathiasbecker.de\/index.php\/category\/on-the-road\/colombia-2013\/"},"img":{"alt_text":"","src":"https:\/\/i0.wp.com\/mathiasbecker.de\/wp-mathiasbecker\/wp-content\/uploads\/2013\/03\/foto-3.jpg?resize=350%2C200&ssl=1","width":350,"height":200,"srcset":"https:\/\/i0.wp.com\/mathiasbecker.de\/wp-mathiasbecker\/wp-content\/uploads\/2013\/03\/foto-3.jpg?resize=350%2C200&ssl=1 1x, https:\/\/i0.wp.com\/mathiasbecker.de\/wp-mathiasbecker\/wp-content\/uploads\/2013\/03\/foto-3.jpg?resize=525%2C300&ssl=1 1.5x, https:\/\/i0.wp.com\/mathiasbecker.de\/wp-mathiasbecker\/wp-content\/uploads\/2013\/03\/foto-3.jpg?resize=700%2C400&ssl=1 2x, https:\/\/i0.wp.com\/mathiasbecker.de\/wp-mathiasbecker\/wp-content\/uploads\/2013\/03\/foto-3.jpg?resize=1050%2C600&ssl=1 3x"},"classes":[]},{"id":1433,"url":"https:\/\/mathiasbecker.de\/index.php\/2013\/04\/13\/die-achse-des-guten\/","url_meta":{"origin":65,"position":2},"title":"Die Achse des Guten","author":"post@mathiasbecker.de","date":"April 13, 2013","format":false,"excerpt":"Den meisten Exportschlagern\u00a0Kolumbiens kann man ganz gut aus dem Weg gehen, wenn man es denn m\u00f6chte: man kann Shakira und Juanes doof finden, man kann den Blumen einen Korb geben (Kolumbien ist der zweitgr\u00f6\u00dfte Exporteur von Schnittblumen - hinter den Holl\u00e4ndern), Gold und Erd\u00f6l lassen sich vergleichsweise einfach meiden -\u2026","rel":"","context":"In &quot;Kolumbien 2013&quot;","block_context":{"text":"Kolumbien 2013","link":"https:\/\/mathiasbecker.de\/index.php\/category\/on-the-road\/colombia-2013\/"},"img":{"alt_text":"Die Umgebung von Filandia - etwas ruhiger, aber ebenso sch\u00f6n wie Salento","src":"https:\/\/i0.wp.com\/mathiasbecker.de\/wp-mathiasbecker\/wp-content\/uploads\/2013\/04\/img_3725.jpg?resize=350%2C200&ssl=1","width":350,"height":200,"srcset":"https:\/\/i0.wp.com\/mathiasbecker.de\/wp-mathiasbecker\/wp-content\/uploads\/2013\/04\/img_3725.jpg?resize=350%2C200&ssl=1 1x, https:\/\/i0.wp.com\/mathiasbecker.de\/wp-mathiasbecker\/wp-content\/uploads\/2013\/04\/img_3725.jpg?resize=525%2C300&ssl=1 1.5x, https:\/\/i0.wp.com\/mathiasbecker.de\/wp-mathiasbecker\/wp-content\/uploads\/2013\/04\/img_3725.jpg?resize=700%2C400&ssl=1 2x, https:\/\/i0.wp.com\/mathiasbecker.de\/wp-mathiasbecker\/wp-content\/uploads\/2013\/04\/img_3725.jpg?resize=1050%2C600&ssl=1 3x"},"classes":[]},{"id":40,"url":"https:\/\/mathiasbecker.de\/index.php\/2013\/03\/20\/das-weisse-gold\/","url_meta":{"origin":65,"position":3},"title":"Das weisse Gold","author":"post@mathiasbecker.de","date":"March 20, 2013","format":false,"excerpt":"Jetzt also Medellin - Ende der 80er und Anfang der 90er die Hauptstadt des Kokainhandels, Heimat- und Wirkungsstaette des vermutlich bekanntesten Kolumbianers: Pablo Escobar, Kopf des hier ansaessigen Kartells. Angefangen hat der als Schmuggler Ende der 70er. Seine Aufgabe war es, Grenzbeamte davon zu ueberzeugen, dass der eben vorbeifahrende LKW\u2026","rel":"","context":"In &quot;Kolumbien 2013&quot;","block_context":{"text":"Kolumbien 2013","link":"https:\/\/mathiasbecker.de\/index.php\/category\/on-the-road\/colombia-2013\/"},"img":{"alt_text":"","src":"https:\/\/i0.wp.com\/mathiasbecker.de\/wp-mathiasbecker\/wp-content\/uploads\/2013\/03\/botero_537x135_22112009.jpg?resize=350%2C200&ssl=1","width":350,"height":200,"srcset":"https:\/\/i0.wp.com\/mathiasbecker.de\/wp-mathiasbecker\/wp-content\/uploads\/2013\/03\/botero_537x135_22112009.jpg?resize=350%2C200&ssl=1 1x, https:\/\/i0.wp.com\/mathiasbecker.de\/wp-mathiasbecker\/wp-content\/uploads\/2013\/03\/botero_537x135_22112009.jpg?resize=525%2C300&ssl=1 1.5x"},"classes":[]},{"id":1412,"url":"https:\/\/mathiasbecker.de\/index.php\/2010\/04\/10\/potosi-und-der-berg-der-menschen-frisst\/","url_meta":{"origin":65,"position":4},"title":"Potos\u00ed und der Berg, der Menschen frisst","author":"post@mathiasbecker.de","date":"April 10, 2010","format":false,"excerpt":"Die h\u00f6chste Stadt der Welt hei\u00dft Potos\u00ed und liegt im s\u00fcdlichen Altiplano Boliviens. Ber\u00fchmt ist sie aber vielmehr f\u00fcr die reichhaltigen Silber- und Zinnvorkommen in den umliegenden Bergen, allen voran im 5000 Meter hohen Cerro Rico, dem reichen Berg. Angeblich wussten schon die Inca um die im Berg verborgenen Sch\u00e4tze.\u2026","rel":"","context":"In &quot;Bolivien 2010&quot;","block_context":{"text":"Bolivien 2010","link":"https:\/\/mathiasbecker.de\/index.php\/category\/on-the-road\/bolivia-2010\/"},"img":{"alt_text":"","src":"https:\/\/i0.wp.com\/mathiasbecker.de\/wp-mathiasbecker\/wp-content\/uploads\/2015\/11\/IMG_7685.jpg?resize=350%2C200&ssl=1","width":350,"height":200,"srcset":"https:\/\/i0.wp.com\/mathiasbecker.de\/wp-mathiasbecker\/wp-content\/uploads\/2015\/11\/IMG_7685.jpg?resize=350%2C200&ssl=1 1x, https:\/\/i0.wp.com\/mathiasbecker.de\/wp-mathiasbecker\/wp-content\/uploads\/2015\/11\/IMG_7685.jpg?resize=525%2C300&ssl=1 1.5x, https:\/\/i0.wp.com\/mathiasbecker.de\/wp-mathiasbecker\/wp-content\/uploads\/2015\/11\/IMG_7685.jpg?resize=700%2C400&ssl=1 2x, https:\/\/i0.wp.com\/mathiasbecker.de\/wp-mathiasbecker\/wp-content\/uploads\/2015\/11\/IMG_7685.jpg?resize=1050%2C600&ssl=1 3x"},"classes":[]},{"id":1334,"url":"https:\/\/mathiasbecker.de\/index.php\/2010\/01\/28\/alasita-und-der-gott-der-kleinen-dinge\/","url_meta":{"origin":65,"position":5},"title":"Alasita und der Gott der kleinen Dinge","author":"post@mathiasbecker.de","date":"January 28, 2010","format":false,"excerpt":"Am 24. Januar jeden Jahres kann man in La Paz W\u00fcnsche kaufen, dann n\u00e4mlich findet das merkw\u00fcrdige Fest mit dem Namen Alasita (Aymara f\u00fcr \"Kaufe mir\") statt. Der Volksglaube der Pace\u00f1os - der Einwohner von La Paz - besagt, dass alles, was man an diesem Tag in Miniatur kauft und\u2026","rel":"","context":"In &quot;Bolivien 2010&quot;","block_context":{"text":"Bolivien 2010","link":"https:\/\/mathiasbecker.de\/index.php\/category\/on-the-road\/bolivia-2010\/"},"img":{"alt_text":"Alasita-1","src":"https:\/\/i0.wp.com\/mathiasbecker.de\/wp-mathiasbecker\/wp-content\/uploads\/2010\/01\/Alasita-1.jpg?resize=350%2C200","width":350,"height":200},"classes":[]}],"jetpack_likes_enabled":true,"_links":{"self":[{"href":"https:\/\/mathiasbecker.de\/index.php\/wp-json\/wp\/v2\/posts\/65","targetHints":{"allow":["GET"]}}],"collection":[{"href":"https:\/\/mathiasbecker.de\/index.php\/wp-json\/wp\/v2\/posts"}],"about":[{"href":"https:\/\/mathiasbecker.de\/index.php\/wp-json\/wp\/v2\/types\/post"}],"author":[{"embeddable":true,"href":"https:\/\/mathiasbecker.de\/index.php\/wp-json\/wp\/v2\/users\/1"}],"replies":[{"embeddable":true,"href":"https:\/\/mathiasbecker.de\/index.php\/wp-json\/wp\/v2\/comments?post=65"}],"version-history":[{"count":4,"href":"https:\/\/mathiasbecker.de\/index.php\/wp-json\/wp\/v2\/posts\/65\/revisions"}],"predecessor-version":[{"id":1485,"href":"https:\/\/mathiasbecker.de\/index.php\/wp-json\/wp\/v2\/posts\/65\/revisions\/1485"}],"wp:featuredmedia":[{"embeddable":true,"href":"https:\/\/mathiasbecker.de\/index.php\/wp-json\/wp\/v2\/media\/67"}],"wp:attachment":[{"href":"https:\/\/mathiasbecker.de\/index.php\/wp-json\/wp\/v2\/media?parent=65"}],"wp:term":[{"taxonomy":"category","embeddable":true,"href":"https:\/\/mathiasbecker.de\/index.php\/wp-json\/wp\/v2\/categories?post=65"},{"taxonomy":"post_tag","embeddable":true,"href":"https:\/\/mathiasbecker.de\/index.php\/wp-json\/wp\/v2\/tags?post=65"}],"curies":[{"name":"wp","href":"https:\/\/api.w.org\/{rel}","templated":true}]}}