{"id":14,"date":"2013-03-12T01:03:29","date_gmt":"2013-03-12T01:03:29","guid":{"rendered":"http:\/\/mehrurlaub.wordpress.com\/?p=14"},"modified":"2015-11-19T19:01:41","modified_gmt":"2015-11-19T19:01:41","slug":"kolumbien-kolumbien","status":"publish","type":"post","link":"https:\/\/mathiasbecker.de\/index.php\/2013\/03\/12\/kolumbien-kolumbien\/","title":{"rendered":"Kolumbien. Kolumbien?!?!?!!"},"content":{"rendered":"<p>&#8220;Ich flieg mal nach Kolumbien.&#8221;<\/p>\n<p>Diese Ank\u00fcndigung verursachte entweder entsetztes Kopfsch\u00fctteln &#8211; oder zweideutiges Naser\u00fcmpfen. Das Land hat sich in der Vergangenheit aber auch alle M\u00fche gegeben, seinen Ruf aufs Gr\u00fcndlichste zu ruinieren. Neben den f\u00fcr Lateinamerika \u00fcblichen B\u00fcrgerkriegen, Staatsstreichen, Milit\u00e4rdiktaturen und ausufernder Korruption gab es ausserdem im Angebot: Guerilla-K\u00e4mpfer gegen Staat, B\u00fcrger, Ausl\u00e4nder; Paramilit\u00e4rs gegen Guerilla; Todesschwadronen gegen Strassenkinder; und Drogenkartelle gegen alle &#8211; vor allem gegen sich selbst.<\/p>\n<div id=\"attachment_16\" style=\"width: 399px\" class=\"wp-caption alignnone\"><a href=\"http:\/\/mathiasbecker.de\/wp-mathiasbecker\/wp-content\/uploads\/2013\/03\/foto-2.jpg\"><img loading=\"lazy\" decoding=\"async\" aria-describedby=\"caption-attachment-16\" class=\"size-large wp-image-16\" src=\"http:\/\/mathiasbecker.de\/wp-mathiasbecker\/wp-content\/uploads\/2013\/03\/foto-2.jpg?w=389\" alt=\"Polizei und Militaer sind ueberall und vermitteln ein gewisses Sicherheitsgefuehl - hier vorm Praesidentenpalast\" width=\"389\" height=\"584\" \/><\/a><p id=\"caption-attachment-16\" class=\"wp-caption-text\">Polizei und Militaer sind ueberall und vermitteln ein gewisses Sicherheitsgefuehl (ich thematisiere an dieser Stelle mal nicht deren notorische Korruption, aber das Grafiti &#8220;Ladrones&#8221; &#8211; &#8220;Diebe&#8221; hat was&#8230;) &#8211; hier vorm Praesidentenpalast<\/p><\/div>\n<p><span style=\"font-style: inherit; line-height: 1.625;\">Und mittendrin in dem ganzen gewaltt\u00e4gigen Chaos: Bogota. Nun haben Stereotypen aber die schlechte Angewohnheit, fast immer l\u00e4nger zu leben als sie eigentlich d\u00fcrften. Ich werd auf die aktuelle Lage, die sich in den letzten zehn Jahren massiv verbessert hat, sicher noch mal genauer eingehen. An dieser Stelle aber schon mal eine Entwarnung an die Kopfsch\u00fcttler:\u00a0Ich hab in der vermeintlichen Hauptstadt der Gewalt sehr friedliche Tage verbracht. Das Gef\u00e4hrlichste, was mir begegnet ist, war wohl eine Demonstration verschiedener Frauenrechtsgruppen am 8. M\u00e4rz: &#8220;Es gibt keinen Frieden ohne die Frauen!&#8221;, riefen die. Wie wahr. Und dann waren da anl\u00e4sslich des k\u00fcrzlichen Ablebens von Hugo Chavez, noch 12 Chavistas auf Demo. Was die gefordert haben, weiss ich allerdings auch nicht so genau. Vermutlich die sofortige Wiederauferstehung von El Presidente &#8211; zumindest aber dessen umgehende Heiligsprechung durch Papst Benedikt XVI&#8230;;-)<\/span><\/p>\n<div id=\"attachment_20\" style=\"width: 594px\" class=\"wp-caption alignnone\"><a href=\"http:\/\/mathiasbecker.de\/wp-mathiasbecker\/wp-content\/uploads\/2013\/03\/foto-6.jpg\"><img loading=\"lazy\" decoding=\"async\" aria-describedby=\"caption-attachment-20\" data-attachment-id=\"20\" data-permalink=\"https:\/\/mathiasbecker.de\/index.php\/team\/connor-gibson\/team2\/\" data-orig-file=\"https:\/\/mathiasbecker.de\/wp-mathiasbecker\/wp-content\/uploads\/2013\/08\/team2.jpg\" data-orig-size=\"430,430\" data-comments-opened=\"1\" data-image-meta=\"{&quot;aperture&quot;:&quot;0&quot;,&quot;credit&quot;:&quot;&quot;,&quot;camera&quot;:&quot;&quot;,&quot;caption&quot;:&quot;&quot;,&quot;created_timestamp&quot;:&quot;0&quot;,&quot;copyright&quot;:&quot;\\u00a9 by Michele Piacquadio&quot;,&quot;focal_length&quot;:&quot;0&quot;,&quot;iso&quot;:&quot;0&quot;,&quot;shutter_speed&quot;:&quot;0&quot;,&quot;title&quot;:&quot;&quot;,&quot;orientation&quot;:&quot;0&quot;}\" data-image-title=\"team2\" data-image-description=\"\" data-image-caption=\"\" data-large-file=\"https:\/\/mathiasbecker.de\/wp-mathiasbecker\/wp-content\/uploads\/2013\/08\/team2.jpg\" class=\"size-large wp-image-20\" src=\"http:\/\/mathiasbecker.de\/wp-mathiasbecker\/wp-content\/uploads\/2013\/03\/foto-6.jpg?w=584\" alt=\"Die zwoelf Chavistas\" width=\"584\" height=\"389\" \/><\/a><p id=\"caption-attachment-20\" class=\"wp-caption-text\">Die zwoelf Chavistas<\/p><\/div>\n<p><span style=\"font-style: inherit; line-height: 1.625;\">Jenseits der Sicherheitsthematik aber erstmal noch ein anderes Thema: Bogota waere keine standesgemaesse lateinamerikanische Grossstadt, wenn sich hier nicht auch Schelm und Chaos die Hand reichen wuerden. Beispiel gefaellig? In Bogota hat man 30 Jahre ueber die Errichtung eines Metro-Systems gestritten, konnte sich aber einfach nicht auf Bus oder Bahn einigen. So wurde entschieden, das schlechteste aus beiden Welten zu verbinden, und ein Metro-Bus-System zu errichten, dessen Haltestellen als Bahnstationen getarnt sind. Jetzt war der Bedarf aber so gross &#8211; oder das Marketing mit dem grossspurigen Namen &#8220;TransMilenio&#8221; so gut, dass man eigentlich die Japaner importieren muesste, die in der Tokyoter U-Bahn die Leute in die Wagons druecken. Denn taeglich nutzen 1,7 Millionen Menschen den TransMilenio, ausgelegt wurde das System aber fuer maximal 1,2 Millionen. Da der Import von Japanern aber eine teure Angelegenheit ist, hat man sich was anderes zur Reduktion der Fahrgastzahlen einfallen lassen muessen. Die Loesung ist so simpel wie ineffektiv: man gestaltet das Streckennetz so, dass man eine 6-monatige Schulung braucht, um es zu verstehen. Die Linie B72 beispielsweise, die vom Zentrum nach Norden fuehrt, heisst in die entgegengesetzte Richtung estaunlicherweise J74. Da man das mit etwas Uebung vielleicht noch durchschauen kann, werden in beide Richtungen jeweils unterschiedliche Haltestellen ausgelassen (die wiederrum von anderen Linien angefahren werden). Dazu packt man noch ein voellig zufaelliges Zeitsystem und nimmt dafuer die Webseite zur Routenplanung vom Netz &#8211; fertig ist das Verkehrssystem fuers neue Jahrtausend.<\/span><\/p>\n<div id=\"attachment_15\" style=\"width: 594px\" class=\"wp-caption alignnone\"><a href=\"http:\/\/mathiasbecker.de\/wp-mathiasbecker\/wp-content\/uploads\/2013\/03\/foto-1.jpg\"><img loading=\"lazy\" decoding=\"async\" aria-describedby=\"caption-attachment-15\" data-attachment-id=\"15\" data-permalink=\"https:\/\/mathiasbecker.de\/ceo\/\" data-orig-file=\"https:\/\/mathiasbecker.de\/wp-mathiasbecker\/wp-content\/uploads\/2013\/08\/ceo.jpg\" data-orig-size=\"430,430\" data-comments-opened=\"1\" data-image-meta=\"{&quot;aperture&quot;:&quot;0&quot;,&quot;credit&quot;:&quot;&quot;,&quot;camera&quot;:&quot;&quot;,&quot;caption&quot;:&quot;&quot;,&quot;created_timestamp&quot;:&quot;0&quot;,&quot;copyright&quot;:&quot;\\u00a9 by Michele Piacquadio&quot;,&quot;focal_length&quot;:&quot;0&quot;,&quot;iso&quot;:&quot;0&quot;,&quot;shutter_speed&quot;:&quot;0&quot;,&quot;title&quot;:&quot;&quot;,&quot;orientation&quot;:&quot;0&quot;}\" data-image-title=\"ceo\" data-image-description=\"\" data-image-caption=\"\" data-large-file=\"https:\/\/mathiasbecker.de\/wp-mathiasbecker\/wp-content\/uploads\/2013\/08\/ceo.jpg\" class=\"size-large wp-image-15\" src=\"http:\/\/mathiasbecker.de\/wp-mathiasbecker\/wp-content\/uploads\/2013\/03\/foto-1.jpg?w=584\" alt=\"TransMilenio Haltestelle - Dass da so wenig Leute sind, liegt am Aufnahmedatum: Sonntag.\" width=\"584\" height=\"389\" \/><\/a><p id=\"caption-attachment-15\" class=\"wp-caption-text\">TransMilenio-Station, die Haltestelle mit Profilneurose: Bin ich noch Bus oder schon Bahn? &#8211; Dass da so wenig Leute sind, liegt am Aufnahmedatum: Sonntagmorgen. Im Hintergrund: einer der typischen roten TransMilenio-Busse<\/p><\/div>\n<div id=\"attachment_22\" style=\"width: 594px\" class=\"wp-caption alignnone\"><a href=\"http:\/\/mathiasbecker.de\/wp-mathiasbecker\/wp-content\/uploads\/2013\/03\/foto.jpg\"><img loading=\"lazy\" decoding=\"async\" aria-describedby=\"caption-attachment-22\" data-attachment-id=\"22\" data-permalink=\"https:\/\/mathiasbecker.de\/index.php\/2013\/03\/12\/kolumbien-kolumbien\/foto\/\" data-orig-file=\"https:\/\/mathiasbecker.de\/wp-mathiasbecker\/wp-content\/uploads\/2013\/03\/foto.jpg\" data-orig-size=\"1280,854\" data-comments-opened=\"1\" data-image-meta=\"{&quot;aperture&quot;:&quot;0&quot;,&quot;credit&quot;:&quot;&quot;,&quot;camera&quot;:&quot;&quot;,&quot;caption&quot;:&quot;&quot;,&quot;created_timestamp&quot;:&quot;0&quot;,&quot;copyright&quot;:&quot;&quot;,&quot;focal_length&quot;:&quot;0&quot;,&quot;iso&quot;:&quot;0&quot;,&quot;shutter_speed&quot;:&quot;0&quot;,&quot;title&quot;:&quot;&quot;,&quot;orientation&quot;:&quot;1&quot;}\" data-image-title=\"Platz ist kein Problem &#8211; die mittleren vier (!) Spuren gehoeren dem TransMilenio\" data-image-description=\"\" data-image-caption=\"&lt;p&gt;Platz ist kein Problem &#8211; die mittleren vier (!) Spuren gehoeren dem TransMilenio&lt;\/p&gt;\n\" data-large-file=\"https:\/\/mathiasbecker.de\/wp-mathiasbecker\/wp-content\/uploads\/2013\/03\/foto-1024x683.jpg\" class=\"size-large wp-image-22\" src=\"http:\/\/mathiasbecker.de\/wp-mathiasbecker\/wp-content\/uploads\/2013\/03\/foto.jpg?w=584\" alt=\"Platz ist kein Problem - die mittleren vier (!) Spuren gehoeren dem TransMilenio\" width=\"584\" height=\"389\" srcset=\"https:\/\/mathiasbecker.de\/wp-mathiasbecker\/wp-content\/uploads\/2013\/03\/foto.jpg 1280w, https:\/\/mathiasbecker.de\/wp-mathiasbecker\/wp-content\/uploads\/2013\/03\/foto-300x200.jpg 300w, https:\/\/mathiasbecker.de\/wp-mathiasbecker\/wp-content\/uploads\/2013\/03\/foto-1024x683.jpg 1024w, https:\/\/mathiasbecker.de\/wp-mathiasbecker\/wp-content\/uploads\/2013\/03\/foto-770x514.jpg 770w\" sizes=\"auto, (max-width: 584px) 100vw, 584px\" \/><\/a><p id=\"caption-attachment-22\" class=\"wp-caption-text\">Platz ist kein Problem &#8211; die mittleren vier (!) Spuren gehoeren dem TransMilenio (links im Hintergrund der kleine Bus faehrt auf der Normalspur)<\/p><\/div>\n<div id=\"attachment_17\" style=\"width: 594px\" class=\"wp-caption alignnone\"><a href=\"http:\/\/mathiasbecker.de\/wp-mathiasbecker\/wp-content\/uploads\/2013\/03\/foto-3.jpg\"><img loading=\"lazy\" decoding=\"async\" aria-describedby=\"caption-attachment-17\" data-attachment-id=\"17\" data-permalink=\"https:\/\/mathiasbecker.de\/index.php\/2013\/03\/12\/kolumbien-kolumbien\/foto-3\/\" data-orig-file=\"https:\/\/mathiasbecker.de\/wp-mathiasbecker\/wp-content\/uploads\/2013\/03\/foto-3.jpg\" data-orig-size=\"1280,854\" data-comments-opened=\"1\" data-image-meta=\"{&quot;aperture&quot;:&quot;0&quot;,&quot;credit&quot;:&quot;&quot;,&quot;camera&quot;:&quot;&quot;,&quot;caption&quot;:&quot;&quot;,&quot;created_timestamp&quot;:&quot;0&quot;,&quot;copyright&quot;:&quot;&quot;,&quot;focal_length&quot;:&quot;0&quot;,&quot;iso&quot;:&quot;0&quot;,&quot;shutter_speed&quot;:&quot;0&quot;,&quot;title&quot;:&quot;&quot;,&quot;orientation&quot;:&quot;1&quot;}\" data-image-title=\"Noch jemand, der den TransMilenio doof findet&#8230;\" data-image-description=\"\" data-image-caption=\"&lt;p&gt;Noch jemand, der den TransMilenio doof findet&#8230;&lt;\/p&gt;\n\" data-large-file=\"https:\/\/mathiasbecker.de\/wp-mathiasbecker\/wp-content\/uploads\/2013\/03\/foto-3-1024x683.jpg\" class=\"size-large wp-image-17\" src=\"http:\/\/mathiasbecker.de\/wp-mathiasbecker\/wp-content\/uploads\/2013\/03\/foto-3.jpg?w=584\" alt=\"Noch jemand, der den TransMilenio doof findet...\" width=\"584\" height=\"389\" srcset=\"https:\/\/mathiasbecker.de\/wp-mathiasbecker\/wp-content\/uploads\/2013\/03\/foto-3.jpg 1280w, https:\/\/mathiasbecker.de\/wp-mathiasbecker\/wp-content\/uploads\/2013\/03\/foto-3-300x200.jpg 300w, https:\/\/mathiasbecker.de\/wp-mathiasbecker\/wp-content\/uploads\/2013\/03\/foto-3-1024x683.jpg 1024w, https:\/\/mathiasbecker.de\/wp-mathiasbecker\/wp-content\/uploads\/2013\/03\/foto-3-770x514.jpg 770w\" sizes=\"auto, (max-width: 584px) 100vw, 584px\" \/><\/a><p id=\"caption-attachment-17\" class=\"wp-caption-text\">Noch jemand, der den TransMilenio bl\u00f6d findet&#8230;<\/p><\/div>\n<p>Zum Abschluss noch etwas ueberraschendes: Bogota ist bisher die einzige lateinamerikanische Grossstadt, die ich gesehen habe und die ueber ein gut ausgebautes Netz von Radwegen (Bicirutas) verfuegt.<\/p>\n<div id=\"attachment_32\" style=\"width: 594px\" class=\"wp-caption alignnone\"><a href=\"http:\/\/mathiasbecker.de\/wp-mathiasbecker\/wp-content\/uploads\/2013\/03\/foto1.jpg\"><img loading=\"lazy\" decoding=\"async\" aria-describedby=\"caption-attachment-32\" data-attachment-id=\"32\" data-permalink=\"https:\/\/mathiasbecker.de\/index.php\/2013\/03\/12\/kolumbien-kolumbien\/foto-8\/\" data-orig-file=\"https:\/\/mathiasbecker.de\/wp-mathiasbecker\/wp-content\/uploads\/2013\/03\/foto1.jpg\" data-orig-size=\"1280,854\" data-comments-opened=\"1\" data-image-meta=\"{&quot;aperture&quot;:&quot;0&quot;,&quot;credit&quot;:&quot;&quot;,&quot;camera&quot;:&quot;&quot;,&quot;caption&quot;:&quot;&quot;,&quot;created_timestamp&quot;:&quot;0&quot;,&quot;copyright&quot;:&quot;&quot;,&quot;focal_length&quot;:&quot;0&quot;,&quot;iso&quot;:&quot;0&quot;,&quot;shutter_speed&quot;:&quot;0&quot;,&quot;title&quot;:&quot;&quot;,&quot;orientation&quot;:&quot;1&quot;}\" data-image-title=\"Biciruta\" data-image-description=\"\" data-image-caption=\"&lt;p&gt;Biciruta&lt;\/p&gt;\n\" data-large-file=\"https:\/\/mathiasbecker.de\/wp-mathiasbecker\/wp-content\/uploads\/2013\/03\/foto1-1024x683.jpg\" class=\"size-large wp-image-32\" src=\"http:\/\/mathiasbecker.de\/wp-mathiasbecker\/wp-content\/uploads\/2013\/03\/foto1.jpg?w=584\" alt=\"Biciruta\" width=\"584\" height=\"389\" srcset=\"https:\/\/mathiasbecker.de\/wp-mathiasbecker\/wp-content\/uploads\/2013\/03\/foto1.jpg 1280w, https:\/\/mathiasbecker.de\/wp-mathiasbecker\/wp-content\/uploads\/2013\/03\/foto1-300x200.jpg 300w, https:\/\/mathiasbecker.de\/wp-mathiasbecker\/wp-content\/uploads\/2013\/03\/foto1-1024x683.jpg 1024w, https:\/\/mathiasbecker.de\/wp-mathiasbecker\/wp-content\/uploads\/2013\/03\/foto1-770x514.jpg 770w\" sizes=\"auto, (max-width: 584px) 100vw, 584px\" \/><\/a><p id=\"caption-attachment-32\" class=\"wp-caption-text\">Biciruta &#8211; Uber 300 Km dieses Radwege-Netzes durchziehen Bogota. Von solch luxuri\u00f6sen Radwegen kann man als Mitteleurop\u00e4er nur tr\u00e4umen (es sei denn, man wohnt in Kopenhagen)<\/p><\/div>\n<p>Und damit nicht genug: jeden Sonntag wird ein grosser Teil der Hauptverkehrsachsen fuer den motorisierten Verkehr gesperrt und man radelt durch die Stadt&#8230;<\/p>\n<div id=\"attachment_19\" style=\"width: 399px\" class=\"wp-caption alignnone\"><a href=\"http:\/\/mathiasbecker.de\/wp-mathiasbecker\/wp-content\/uploads\/2013\/03\/foto-5.jpg\"><img loading=\"lazy\" decoding=\"async\" aria-describedby=\"caption-attachment-19\" data-attachment-id=\"19\" data-permalink=\"https:\/\/mathiasbecker.de\/index.php\/team\/connor-gibson\/team3\/\" data-orig-file=\"https:\/\/mathiasbecker.de\/wp-mathiasbecker\/wp-content\/uploads\/2013\/08\/team3.jpg\" data-orig-size=\"430,430\" data-comments-opened=\"1\" data-image-meta=\"{&quot;aperture&quot;:&quot;0&quot;,&quot;credit&quot;:&quot;&quot;,&quot;camera&quot;:&quot;&quot;,&quot;caption&quot;:&quot;&quot;,&quot;created_timestamp&quot;:&quot;0&quot;,&quot;copyright&quot;:&quot;olly - Fotolia&quot;,&quot;focal_length&quot;:&quot;0&quot;,&quot;iso&quot;:&quot;0&quot;,&quot;shutter_speed&quot;:&quot;0&quot;,&quot;title&quot;:&quot;&quot;,&quot;orientation&quot;:&quot;0&quot;}\" data-image-title=\"team3\" data-image-description=\"\" data-image-caption=\"\" data-large-file=\"https:\/\/mathiasbecker.de\/wp-mathiasbecker\/wp-content\/uploads\/2013\/08\/team3.jpg\" class=\"size-large wp-image-19\" src=\"http:\/\/mathiasbecker.de\/wp-mathiasbecker\/wp-content\/uploads\/2013\/03\/foto-5.jpg?w=389\" alt=\"Bicivia: Sonntags wird geradelt\" width=\"389\" height=\"584\" \/><\/a><p id=\"caption-attachment-19\" class=\"wp-caption-text\">Bicivia: Sonntags wird geradelt&#8230;<\/p><\/div>\n<div id=\"attachment_18\" style=\"width: 594px\" class=\"wp-caption alignnone\"><a href=\"http:\/\/mathiasbecker.de\/wp-mathiasbecker\/wp-content\/uploads\/2013\/03\/foto-4.jpg\"><img loading=\"lazy\" decoding=\"async\" aria-describedby=\"caption-attachment-18\" class=\"size-large wp-image-18\" src=\"http:\/\/mathiasbecker.de\/wp-mathiasbecker\/wp-content\/uploads\/2013\/03\/foto-4.jpg?w=584\" alt=\"Und an Rande des sonntaeglichen Radmarathons: Volksfest samt Salsa-Tanzen fuer Jung und Alt\" width=\"584\" height=\"389\" \/><\/a><p id=\"caption-attachment-18\" class=\"wp-caption-text\">&#8230; oder am Rande die eigene Tanz-Kompetenz geschult: Volksfest samt Salsa-Stunden fuer Jung und Alt<\/p><\/div>\n<p>Nach so viel Bogota gehts weiter in eine andere beruehmt-beruechtigte Stadt: <a href=\"http:\/\/mathiasbecker.de\/wp-mathiasbecker\/index.php\/2013\/03\/20\/das-weisse-gold\/\">Medellin<\/a>.<\/p>\n<p>Hasta luego,<\/p>\n<p>Mathias<\/p>\n","protected":false},"excerpt":{"rendered":"<p>&#8220;Ich flieg mal nach Kolumbien.&#8221; Diese Ank\u00fcndigung verursachte entweder entsetztes Kopfsch\u00fctteln &#8211; oder zweideutiges Naser\u00fcmpfen. Das Land hat sich in&#8230;<\/p>\n","protected":false},"author":1,"featured_media":17,"comment_status":"open","ping_status":"open","sticky":false,"template":"","format":"standard","meta":{"jetpack_post_was_ever_published":false,"_jetpack_newsletter_access":"","_jetpack_dont_email_post_to_subs":false,"_jetpack_newsletter_tier_id":0,"_jetpack_memberships_contains_paywalled_content":false,"_jetpack_memberships_contains_paid_content":false,"footnotes":"","jetpack_publicize_message":"","jetpack_publicize_feature_enabled":true,"jetpack_social_post_already_shared":true,"jetpack_social_options":{"image_generator_settings":{"template":"highway","default_image_id":0,"font":"","enabled":false},"version":2}},"categories":[32,29],"tags":[37,39,40,43,46,48,51,55,56,64,73,77,78,82,88,100,105],"class_list":["post-14","post","type-post","status-publish","format-standard","has-post-thumbnail","hentry","category-colombia-2013","category-on-the-road","tag-bahn","tag-biciruta","tag-bicivia","tag-bogota","tag-bus","tag-colombia","tag-eln","tag-fahrrad","tag-farc","tag-guerilla","tag-kolumbien","tag-lateinamerika","tag-medellin","tag-paramilitaer","tag-radweg","tag-transmilenio","tag-verkehr"],"jetpack_publicize_connections":[],"jetpack_featured_media_url":"https:\/\/mathiasbecker.de\/wp-mathiasbecker\/wp-content\/uploads\/2013\/03\/foto-3.jpg","jetpack_sharing_enabled":true,"jetpack_shortlink":"https:\/\/wp.me\/p6P5ZG-e","jetpack-related-posts":[{"id":89,"url":"https:\/\/mathiasbecker.de\/index.php\/2013\/04\/07\/auf-der-flucht\/","url_meta":{"origin":14,"position":0},"title":"Auf der Flucht","author":"post@mathiasbecker.de","date":"April 7, 2013","format":false,"excerpt":"Sofasurfen ist eine tolle Sache, wenn man wie ich nach den Fiestas von Cartagena und Santa Marta den Massen mal entkommen m\u00f6chte. Wie es der Zufall so wollte, landete ich mit Nico und seiner Freundin Beatriz bei seiner Familie in Sogamoso, rund 200 Kilometer nord\u00f6stlich von Bogota. Und der gleiche\u2026","rel":"","context":"In &quot;Kolumbien 2013&quot;","block_context":{"text":"Kolumbien 2013","link":"https:\/\/mathiasbecker.de\/index.php\/category\/on-the-road\/colombia-2013\/"},"img":{"alt_text":"Villa de Leyva","src":"https:\/\/i0.wp.com\/mathiasbecker.de\/wp-mathiasbecker\/wp-content\/uploads\/2013\/04\/img_2432.jpg?resize=350%2C200&ssl=1","width":350,"height":200,"srcset":"https:\/\/i0.wp.com\/mathiasbecker.de\/wp-mathiasbecker\/wp-content\/uploads\/2013\/04\/img_2432.jpg?resize=350%2C200&ssl=1 1x, https:\/\/i0.wp.com\/mathiasbecker.de\/wp-mathiasbecker\/wp-content\/uploads\/2013\/04\/img_2432.jpg?resize=525%2C300&ssl=1 1.5x, https:\/\/i0.wp.com\/mathiasbecker.de\/wp-mathiasbecker\/wp-content\/uploads\/2013\/04\/img_2432.jpg?resize=700%2C400&ssl=1 2x, https:\/\/i0.wp.com\/mathiasbecker.de\/wp-mathiasbecker\/wp-content\/uploads\/2013\/04\/img_2432.jpg?resize=1050%2C600&ssl=1 3x"},"classes":[]},{"id":1433,"url":"https:\/\/mathiasbecker.de\/index.php\/2013\/04\/13\/die-achse-des-guten\/","url_meta":{"origin":14,"position":1},"title":"Die Achse des Guten","author":"post@mathiasbecker.de","date":"April 13, 2013","format":false,"excerpt":"Den meisten Exportschlagern\u00a0Kolumbiens kann man ganz gut aus dem Weg gehen, wenn man es denn m\u00f6chte: man kann Shakira und Juanes doof finden, man kann den Blumen einen Korb geben (Kolumbien ist der zweitgr\u00f6\u00dfte Exporteur von Schnittblumen - hinter den Holl\u00e4ndern), Gold und Erd\u00f6l lassen sich vergleichsweise einfach meiden -\u2026","rel":"","context":"In &quot;Kolumbien 2013&quot;","block_context":{"text":"Kolumbien 2013","link":"https:\/\/mathiasbecker.de\/index.php\/category\/on-the-road\/colombia-2013\/"},"img":{"alt_text":"Die Umgebung von Filandia - etwas ruhiger, aber ebenso sch\u00f6n wie Salento","src":"https:\/\/i0.wp.com\/mathiasbecker.de\/wp-mathiasbecker\/wp-content\/uploads\/2013\/04\/img_3725.jpg?resize=350%2C200&ssl=1","width":350,"height":200,"srcset":"https:\/\/i0.wp.com\/mathiasbecker.de\/wp-mathiasbecker\/wp-content\/uploads\/2013\/04\/img_3725.jpg?resize=350%2C200&ssl=1 1x, https:\/\/i0.wp.com\/mathiasbecker.de\/wp-mathiasbecker\/wp-content\/uploads\/2013\/04\/img_3725.jpg?resize=525%2C300&ssl=1 1.5x, https:\/\/i0.wp.com\/mathiasbecker.de\/wp-mathiasbecker\/wp-content\/uploads\/2013\/04\/img_3725.jpg?resize=700%2C400&ssl=1 2x, https:\/\/i0.wp.com\/mathiasbecker.de\/wp-mathiasbecker\/wp-content\/uploads\/2013\/04\/img_3725.jpg?resize=1050%2C600&ssl=1 3x"},"classes":[]},{"id":65,"url":"https:\/\/mathiasbecker.de\/index.php\/2013\/03\/27\/von-piraten-und-anderen-tagedieben\/","url_meta":{"origin":14,"position":2},"title":"Von Piraten und anderen Tagedieben","author":"post@mathiasbecker.de","date":"March 27, 2013","format":false,"excerpt":"Cartagena de Indias - der Name der Stadt klingt nicht zuf\u00e4llig nach Seer\u00e4ubern und F\u00e4ssern voll Gold und Rum. Bald nach ihrer Gr\u00fcndung im Jahre 1533 entwickelte sie sich zu einer der wichtigsten spanischen Hafenst\u00e4dte in der Karibik. Hier lagerten die Spanier die geraubten Sch\u00e4tze der Neuen Welt, bevor sie\u2026","rel":"","context":"In &quot;Kolumbien 2013&quot;","block_context":{"text":"Kolumbien 2013","link":"https:\/\/mathiasbecker.de\/index.php\/category\/on-the-road\/colombia-2013\/"},"img":{"alt_text":"Tayrona Nationalpark","src":"https:\/\/i0.wp.com\/mathiasbecker.de\/wp-mathiasbecker\/wp-content\/uploads\/2013\/03\/foto3.jpg?resize=350%2C200&ssl=1","width":350,"height":200,"srcset":"https:\/\/i0.wp.com\/mathiasbecker.de\/wp-mathiasbecker\/wp-content\/uploads\/2013\/03\/foto3.jpg?resize=350%2C200&ssl=1 1x, https:\/\/i0.wp.com\/mathiasbecker.de\/wp-mathiasbecker\/wp-content\/uploads\/2013\/03\/foto3.jpg?resize=525%2C300&ssl=1 1.5x, https:\/\/i0.wp.com\/mathiasbecker.de\/wp-mathiasbecker\/wp-content\/uploads\/2013\/03\/foto3.jpg?resize=700%2C400&ssl=1 2x, https:\/\/i0.wp.com\/mathiasbecker.de\/wp-mathiasbecker\/wp-content\/uploads\/2013\/03\/foto3.jpg?resize=1050%2C600&ssl=1 3x, https:\/\/i0.wp.com\/mathiasbecker.de\/wp-mathiasbecker\/wp-content\/uploads\/2013\/03\/foto3.jpg?resize=1400%2C800&ssl=1 4x"},"classes":[]},{"id":40,"url":"https:\/\/mathiasbecker.de\/index.php\/2013\/03\/20\/das-weisse-gold\/","url_meta":{"origin":14,"position":3},"title":"Das weisse Gold","author":"post@mathiasbecker.de","date":"March 20, 2013","format":false,"excerpt":"Jetzt also Medellin - Ende der 80er und Anfang der 90er die Hauptstadt des Kokainhandels, Heimat- und Wirkungsstaette des vermutlich bekanntesten Kolumbianers: Pablo Escobar, Kopf des hier ansaessigen Kartells. Angefangen hat der als Schmuggler Ende der 70er. Seine Aufgabe war es, Grenzbeamte davon zu ueberzeugen, dass der eben vorbeifahrende LKW\u2026","rel":"","context":"In &quot;Kolumbien 2013&quot;","block_context":{"text":"Kolumbien 2013","link":"https:\/\/mathiasbecker.de\/index.php\/category\/on-the-road\/colombia-2013\/"},"img":{"alt_text":"","src":"https:\/\/i0.wp.com\/mathiasbecker.de\/wp-mathiasbecker\/wp-content\/uploads\/2013\/03\/botero_537x135_22112009.jpg?resize=350%2C200&ssl=1","width":350,"height":200,"srcset":"https:\/\/i0.wp.com\/mathiasbecker.de\/wp-mathiasbecker\/wp-content\/uploads\/2013\/03\/botero_537x135_22112009.jpg?resize=350%2C200&ssl=1 1x, https:\/\/i0.wp.com\/mathiasbecker.de\/wp-mathiasbecker\/wp-content\/uploads\/2013\/03\/botero_537x135_22112009.jpg?resize=525%2C300&ssl=1 1.5x"},"classes":[]},{"id":1334,"url":"https:\/\/mathiasbecker.de\/index.php\/2010\/01\/28\/alasita-und-der-gott-der-kleinen-dinge\/","url_meta":{"origin":14,"position":4},"title":"Alasita und der Gott der kleinen Dinge","author":"post@mathiasbecker.de","date":"January 28, 2010","format":false,"excerpt":"Am 24. Januar jeden Jahres kann man in La Paz W\u00fcnsche kaufen, dann n\u00e4mlich findet das merkw\u00fcrdige Fest mit dem Namen Alasita (Aymara f\u00fcr \"Kaufe mir\") statt. Der Volksglaube der Pace\u00f1os - der Einwohner von La Paz - besagt, dass alles, was man an diesem Tag in Miniatur kauft und\u2026","rel":"","context":"In &quot;Bolivien 2010&quot;","block_context":{"text":"Bolivien 2010","link":"https:\/\/mathiasbecker.de\/index.php\/category\/on-the-road\/bolivia-2010\/"},"img":{"alt_text":"Alasita-1","src":"https:\/\/i0.wp.com\/mathiasbecker.de\/wp-mathiasbecker\/wp-content\/uploads\/2010\/01\/Alasita-1.jpg?resize=350%2C200","width":350,"height":200},"classes":[]},{"id":1379,"url":"https:\/\/mathiasbecker.de\/index.php\/2010\/02\/19\/oruro-alaaf-oder-karneval-auf-bolivianisch\/","url_meta":{"origin":14,"position":5},"title":"\u00a1Oruro Alaaf! Oder: Karneval auf bolivianisch","author":"post@mathiasbecker.de","date":"February 19, 2010","format":false,"excerpt":"Wer meint, dass der Karneval im Rheinland ziehmlich verr\u00fcckt w\u00e4re, der sollte sich mal nach Oruro, rund 150 Km s\u00fcdlich von La Paz, begeben, so wie ich das am Wochenende vor Aschermittwoch zusammen einer internationalen Reisenden-Delegation aus Argentinien, Belgien, Chile, Deutschland und Frankreich getan habe. Hier n\u00e4mlich findet Boliviens ber\u00fchmt-ber\u00fcchtigter\u2026","rel":"","context":"In &quot;Bolivien 2010&quot;","block_context":{"text":"Bolivien 2010","link":"https:\/\/mathiasbecker.de\/index.php\/category\/on-the-road\/bolivia-2010\/"},"img":{"alt_text":"","src":"https:\/\/i0.wp.com\/mathiasbecker.de\/wp-mathiasbecker\/wp-content\/uploads\/2015\/11\/IMG_6782.jpg?resize=350%2C200&ssl=1","width":350,"height":200,"srcset":"https:\/\/i0.wp.com\/mathiasbecker.de\/wp-mathiasbecker\/wp-content\/uploads\/2015\/11\/IMG_6782.jpg?resize=350%2C200&ssl=1 1x, https:\/\/i0.wp.com\/mathiasbecker.de\/wp-mathiasbecker\/wp-content\/uploads\/2015\/11\/IMG_6782.jpg?resize=525%2C300&ssl=1 1.5x, https:\/\/i0.wp.com\/mathiasbecker.de\/wp-mathiasbecker\/wp-content\/uploads\/2015\/11\/IMG_6782.jpg?resize=700%2C400&ssl=1 2x, https:\/\/i0.wp.com\/mathiasbecker.de\/wp-mathiasbecker\/wp-content\/uploads\/2015\/11\/IMG_6782.jpg?resize=1050%2C600&ssl=1 3x"},"classes":[]}],"jetpack_likes_enabled":true,"_links":{"self":[{"href":"https:\/\/mathiasbecker.de\/index.php\/wp-json\/wp\/v2\/posts\/14","targetHints":{"allow":["GET"]}}],"collection":[{"href":"https:\/\/mathiasbecker.de\/index.php\/wp-json\/wp\/v2\/posts"}],"about":[{"href":"https:\/\/mathiasbecker.de\/index.php\/wp-json\/wp\/v2\/types\/post"}],"author":[{"embeddable":true,"href":"https:\/\/mathiasbecker.de\/index.php\/wp-json\/wp\/v2\/users\/1"}],"replies":[{"embeddable":true,"href":"https:\/\/mathiasbecker.de\/index.php\/wp-json\/wp\/v2\/comments?post=14"}],"version-history":[{"count":3,"href":"https:\/\/mathiasbecker.de\/index.php\/wp-json\/wp\/v2\/posts\/14\/revisions"}],"predecessor-version":[{"id":1505,"href":"https:\/\/mathiasbecker.de\/index.php\/wp-json\/wp\/v2\/posts\/14\/revisions\/1505"}],"wp:featuredmedia":[{"embeddable":true,"href":"https:\/\/mathiasbecker.de\/index.php\/wp-json\/wp\/v2\/media\/17"}],"wp:attachment":[{"href":"https:\/\/mathiasbecker.de\/index.php\/wp-json\/wp\/v2\/media?parent=14"}],"wp:term":[{"taxonomy":"category","embeddable":true,"href":"https:\/\/mathiasbecker.de\/index.php\/wp-json\/wp\/v2\/categories?post=14"},{"taxonomy":"post_tag","embeddable":true,"href":"https:\/\/mathiasbecker.de\/index.php\/wp-json\/wp\/v2\/tags?post=14"}],"curies":[{"name":"wp","href":"https:\/\/api.w.org\/{rel}","templated":true}]}}